{"id":5855,"date":"2018-08-25T17:20:28","date_gmt":"2018-08-25T17:20:28","guid":{"rendered":"https:\/\/www.francejobin.com\/?p=5855"},"modified":"2018-10-26T16:32:15","modified_gmt":"2018-10-26T16:32:15","slug":"soledad-medellin","status":"publish","type":"post","link":"https:\/\/www.francejobin.com\/?p=5855","title":{"rendered":"Soledad &#8211; Medellin"},"content":{"rendered":"<p><a href=\"https:\/\/i0.wp.com\/www.francejobin.com\/wp-content\/uploads\/2018\/08\/39948234_1930749370318268_7004452010296606720_n.jpg?ssl=1\"><img data-recalc-dims=\"1\" loading=\"lazy\" decoding=\"async\" class=\"alignnone wp-image-5852\" src=\"https:\/\/i0.wp.com\/www.francejobin.com\/wp-content\/uploads\/2018\/08\/39948234_1930749370318268_7004452010296606720_n.jpg?resize=300%2C221&#038;ssl=1\" alt=\"\" width=\"300\" height=\"221\" srcset=\"https:\/\/i0.wp.com\/www.francejobin.com\/wp-content\/uploads\/2018\/08\/39948234_1930749370318268_7004452010296606720_n.jpg?w=960&amp;ssl=1 960w, https:\/\/i0.wp.com\/www.francejobin.com\/wp-content\/uploads\/2018\/08\/39948234_1930749370318268_7004452010296606720_n.jpg?resize=300%2C221&amp;ssl=1 300w, https:\/\/i0.wp.com\/www.francejobin.com\/wp-content\/uploads\/2018\/08\/39948234_1930749370318268_7004452010296606720_n.jpg?resize=768%2C565&amp;ssl=1 768w\" sizes=\"auto, (max-width: 300px) 100vw, 300px\" \/><\/a><\/p>\n<p>Laboratorio de arte sonoro &#8211;<\/p>\n<p>Semana #1\u00a0 &#8211; 4 &#8211; 12 de Septiembre &#8211; Exploratorio<br \/>\nSemana #2 &#8211; 18 &#8211; 22 de Septiembre &#8211; MAMM (LAB3)<\/p>\n<div id=\"id_5b818fb1462949362580625\" class=\"text_exposed_root text_exposed\">\n<p>Inauguramos nuestra plataforma itinerante con un nuevo taller para el mes de Septiembre.<\/p>\n<p>A ra\u00edz de su visita durante la Semana de la Escucha, la artista\u00a0<a href=\"https:\/\/www.facebook.com\/francejobin\/?__xts__%5B0%5D=68.ARAZaRTqqUWrx_uHd3bk3tmxyDfaypkHHbPK-PVgBVPx2CdjT4aZ5Q0fr_GSxl8fngi0xlxWe05d1NbGlxcuM-TT5R3a_MXbyI1VxNobU3FN8kivWq9KKk6TbDjuSr7qw-z3-h8\" data-hovercard=\"\/ajax\/hovercard\/page.php?id=171544312919703&amp;extragetparams=%7B%22directed_target_id%22%3Anull%2C%22groups_location%22%3Anull%7D\" data-hovercard-prefer-more-content-show=\"1\">France Jobin<\/a>\u00a0qued\u00f3 profundamente interesada por explorar m\u00e1s a fondo Medell\u00edn y sus sonidos, y es as\u00ed como nace un laboratorio para proponer el arte sonoro, la m\u00fasica ambient y la escucha minimalista dentro de nuestro contexto.<\/p>\n<p>&#8220;Soledad, Medell\u00ed<span class=\"text_exposed_show\">n&#8221; comenzar\u00e1 con una primera etapa de escucha y grabaci\u00f3n de campo en el territorio, que se desarrollar\u00e1 en el Exploratorio del\u00a0<a href=\"https:\/\/www.facebook.com\/ParqueExplora\/?__xts__%5B0%5D=68.ARAZaRTqqUWrx_uHd3bk3tmxyDfaypkHHbPK-PVgBVPx2CdjT4aZ5Q0fr_GSxl8fngi0xlxWe05d1NbGlxcuM-TT5R3a_MXbyI1VxNobU3FN8kivWq9KKk6TbDjuSr7qw-z3-h8\" data-hovercard=\"\/ajax\/hovercard\/page.php?id=35820620655&amp;extragetparams=%7B%22directed_target_id%22%3Anull%2C%22groups_location%22%3Anull%7D\" data-hovercard-prefer-more-content-show=\"1\">Parque Explora<\/a>; y culminar\u00e1 con una segunda etapa de procesamiento del paisaje sonoro y con el proceso de difusi\u00f3n multi-canal para una instalaci\u00f3n a realizarse con los participantes en el LAB3 del\u00a0<a href=\"https:\/\/www.facebook.com\/mammedellin\/?__xts__%5B0%5D=68.ARAZaRTqqUWrx_uHd3bk3tmxyDfaypkHHbPK-PVgBVPx2CdjT4aZ5Q0fr_GSxl8fngi0xlxWe05d1NbGlxcuM-TT5R3a_MXbyI1VxNobU3FN8kivWq9KKk6TbDjuSr7qw-z3-h8\" data-hovercard=\"\/ajax\/hovercard\/page.php?id=210230005691362&amp;extragetparams=%7B%22directed_target_id%22%3Anull%2C%22groups_location%22%3Anull%7D\" data-hovercard-prefer-more-content-show=\"1\">Mamm Medell\u00edn<\/a>.<\/span><\/p>\n<p>El laboratorio busca reconocer una multidimensionalidad de la escucha al introducirse en el entorno para sentirlo, procesarlo e imaginarlo, en su soledad, que es tambi\u00e9n esa del escucha.<\/p>\n<p>El laboratorio es gratuito, con cupos limitados e inscripci\u00f3n previa. M\u00e1s informaci\u00f3n:\u00a0<a href=\"http:\/\/auditum.co\/evento\/soledad-medellin-laboratorio-de-arte-sonoro\/\" target=\"_blank\" rel=\"nofollow noopener\" data-lynx-mode=\"asynclazy\" data-lynx-uri=\"https:\/\/l.facebook.com\/l.php?u=http%3A%2F%2Fauditum.co%2Fevento%2Fsoledad-medellin-laboratorio-de-arte-sonoro%2F&amp;h=AT099n-gBFCTKLNmbVU67Ktth__cgJkCH4LnSpPq5uVV9hUGfHw04yMk5lxASsYHopNEcNpT60PiYHw4M_Scy8btk4os2zyW9MbrCl7TZbn0lGfZZVrvYHmaVZvb_fJx\">http:\/\/auditum.co\/evento\/<wbr \/>soledad-medellin-laboratori<wbr \/>o-de-arte-sonoro\/<\/a><\/p>\n<\/div>\n<div><\/div>\n<div>\n<p class=\"p2\"><span class=\"s1\">\u201c<i>Soledad\u201d<\/i> will bring the participants closer to their territory by the \u201cact of field recording\u201d in various parts of the city that are sonically contrasting in terms of social dynamics, geography and neighbourhoods. The multidimensionality specific to Medellin offers a rich sound palette that may enable the participants to reconnect with their environment.<br \/>\n<\/span><\/p>\n<p class=\"p2\"><span class=\"s1\">Throughout this process, we will share knowledge, perceptions and thoughts which I hope will inspire the participants to re-connect with their environment and ultimately, themselves. The idea of solitude is not approached from a perception of isolation but rather from a recognition of one\u2019s connection in a world of disconnect. Technology has enabled us to be more<span class=\"Apple-converted-space\">\u00a0 <\/span>connected yet, we have never been so apart. Social media sells this illusion of hyper connected society yet, more people are unhappy and isolated.<\/span><\/p>\n<p class=\"p2\"><span class=\"s1\">With this workshop, I-we hope to achieve a state of <i>\u201cSoledad\u201d, <\/i>similar to a zen state, utilizing technology, the act of listening and ambient minimal sound art in order re-connect with one, and ultimately others. <\/span><\/p>\n<p class=\"p2\"><span class=\"s1\">\u201c<i>Soledad\u201d <\/i>will conclude as a multichannel sound installation created by the participants to be presented September 22nd and 23rd\u00a0 at MAMM -LAB3. They will be taken through the entire process of the creation of a sound installation up to and including the inauguration of their project, an opportunity for us all to experience a collective solitude through sound art. <\/span><\/p>\n<\/div>\n<div><\/div>\n<div>with the kind support of:<br \/>\nCanada Council for the Arts | Conseil des Arts du Canada<\/div>\n<div><\/div>\n<div><a href=\"https:\/\/i0.wp.com\/www.francejobin.com\/wp-content\/uploads\/2015\/03\/CAC_Logo_FR_coul-e1525476206840.jpg?ssl=1\"><img data-recalc-dims=\"1\" loading=\"lazy\" decoding=\"async\" class=\"alignnone size-full wp-image-4673\" src=\"https:\/\/i0.wp.com\/www.francejobin.com\/wp-content\/uploads\/2015\/03\/CAC_Logo_FR_coul-e1525476206840.jpg?resize=300%2C45&#038;ssl=1\" alt=\"\" width=\"300\" height=\"45\" \/><\/a><\/div>\n<div id=\"fbPhotoSnowliftCTMButton\"><\/div>\n","protected":false},"excerpt":{"rendered":"<p>Laboratorio de arte sonoro &#8211; Semana #1\u00a0 &#8211; 4 &#8211; 12 de Septiembre &#8211; Exploratorio Semana #2 &#8211; 18 &#8211; 22 de Septiembre &#8211; MAMM (LAB3) Inauguramos nuestra plataforma itinerante con un nuevo taller para el mes de Septiembre. A ra\u00edz de su visita durante la Semana de la Escucha, la artista\u00a0France Jobin\u00a0qued\u00f3 profundamente interesada &hellip; <\/p>\n<p class=\"link-more\"><a href=\"https:\/\/www.francejobin.com\/?p=5855\" class=\"more-link\">Continue reading<span class=\"screen-reader-text\"> &#8220;Soledad &#8211; Medellin&#8221;<\/span><\/a><\/p>\n","protected":false},"author":3,"featured_media":0,"comment_status":"closed","ping_status":"open","sticky":false,"template":"","format":"standard","meta":{"_jetpack_memberships_contains_paid_content":false,"footnotes":""},"categories":[6,875,144,876],"tags":[874,877,873],"class_list":["post-5855","post","type-post","status-publish","format-standard","hentry","category-installations","category-master-class","category-residencies","category-workshop","tag-eter-lab","tag-lab3","tag-mamm"],"jetpack_featured_media_url":"","jetpack_sharing_enabled":true,"_links":{"self":[{"href":"https:\/\/www.francejobin.com\/index.php?rest_route=\/wp\/v2\/posts\/5855","targetHints":{"allow":["GET"]}}],"collection":[{"href":"https:\/\/www.francejobin.com\/index.php?rest_route=\/wp\/v2\/posts"}],"about":[{"href":"https:\/\/www.francejobin.com\/index.php?rest_route=\/wp\/v2\/types\/post"}],"author":[{"embeddable":true,"href":"https:\/\/www.francejobin.com\/index.php?rest_route=\/wp\/v2\/users\/3"}],"replies":[{"embeddable":true,"href":"https:\/\/www.francejobin.com\/index.php?rest_route=%2Fwp%2Fv2%2Fcomments&post=5855"}],"version-history":[{"count":2,"href":"https:\/\/www.francejobin.com\/index.php?rest_route=\/wp\/v2\/posts\/5855\/revisions"}],"predecessor-version":[{"id":5857,"href":"https:\/\/www.francejobin.com\/index.php?rest_route=\/wp\/v2\/posts\/5855\/revisions\/5857"}],"wp:attachment":[{"href":"https:\/\/www.francejobin.com\/index.php?rest_route=%2Fwp%2Fv2%2Fmedia&parent=5855"}],"wp:term":[{"taxonomy":"category","embeddable":true,"href":"https:\/\/www.francejobin.com\/index.php?rest_route=%2Fwp%2Fv2%2Fcategories&post=5855"},{"taxonomy":"post_tag","embeddable":true,"href":"https:\/\/www.francejobin.com\/index.php?rest_route=%2Fwp%2Fv2%2Ftags&post=5855"}],"curies":[{"name":"wp","href":"https:\/\/api.w.org\/{rel}","templated":true}]}}