{"id":3648,"date":"2011-09-29T17:23:38","date_gmt":"2011-09-29T17:23:38","guid":{"rendered":"https:\/\/www.francejobin.com\/?p=3648"},"modified":"2011-10-13T17:50:05","modified_gmt":"2011-10-13T17:50:05","slug":"akousma","status":"publish","type":"post","link":"https:\/\/www.francejobin.com\/?p=3648","title":{"rendered":"Akousma"},"content":{"rendered":"<p><a href=\"https:\/\/i0.wp.com\/www.francejobin.com\/wp-content\/uploads\/2011\/09\/akousma.jpg?ssl=1\"><img data-recalc-dims=\"1\" loading=\"lazy\" decoding=\"async\" title=\"akousma\" src=\"https:\/\/i0.wp.com\/www.francejobin.com\/wp-content\/uploads\/2011\/09\/akousma.jpg?resize=300%2C215&#038;ssl=1\" alt=\"\" width=\"300\" height=\"215\" \/><\/a><\/p>\n<div id=\"content\">\n<h2><a href=\"http:\/\/www.reseauxconcerts.com\/akousma\/\">AKOUSMA_8<\/a><\/h2>\n<p>Du 12 au 15 octobre 2011<br \/>\n1345, avenue Lalonde<br \/>\nMontr\u00e9al (QC) H2L 5A9<br \/>\nBilletterie 514. 521.4493<br \/>\nwww.usine-c.com<\/p>\n<\/div>\n<div>Le 12 octobre : Pierre-Yves Mac\u00e9 (FR), Roger Tellier Craig (QC)<br \/>\nLe 13 octobre : H\u00e9l\u00e8ne Pr\u00e9vost (QC), Stephan Mathieu (DE)<br \/>\nLe 14 octobre : France Jobin (QC), Robert Hampson (GB)<br \/>\nLe 15 octobre : Marc Behrens (DE), Horacio Vaggione (FR)<\/div>\n<div>Programmation d\u00e9taill\u00e9e<\/div>\n<div>Mercredi 12 octobre \u2022 20 h \u2022 Usine C<\/div>\n<div>TRANS_FORMATION: Roger Tellier-Craig (QC) \u2022 Pierre-Yves Mac\u00e9 (FR)<br \/>\nRoger Tellier-Craig est un musicien de Montr\u00e9al. Ces dix derni\u00e8res ann\u00e9es, il s\u2019est investi dans de nombreux projets, s\u2019inspirant d\u2019un spectre de r\u00e9f\u00e9rences contradictoires pour explorer de nouveaux contextes musicaux. Il a \u00e9t\u00e9 parmi les cofondateurs de Fly Pan Am, de Et Sans (aux c\u00f4t\u00e9s d\u2019Alexandre St-Onge), de Set Fire to Flames et de Pas Chic Chic, ainsi que guitariste au sein de la formation Godspeed You! Black Emperor. Sous la signature Le R\u00e9v\u00e9lateur, il d\u00e9veloppe actuellement une esth\u00e9tique \u00e9labor\u00e9e in extenso \u00e0 partir de synth\u00e9tiseurs analogiques, une mani\u00e8re qui n\u2019est pas sans rappeler les beaux jours de la \u00ab\u00a0computer music\u00a0\u00bb.<br \/>\n(titre \u00e0 venir) cr\u00e9ation mondialePierre-Yves Mac\u00e9 est un compositeur dont le travail se situe au croisement de la musique \u00e9lectroacoustique, de la musique contemporaine et de l\u2019art sonore. Il est l\u2019auteur de quatre disques solo\u00a0: Faux-jumeaux (Tzadik, 2002), Circulations (Sub rosa, 2005), crash_test ii (tensional integrity) (Orkh\u00eastra, 2006) et passagenweg (Brocoli, 2009) et il collabore avec de nombreux artistes, dont l\u2019\u00e9crivain Mathieu Larnaudie, avec qui il m\u00e8ne depuis 2003 un travail de co\u00e9criture qui se d\u00e9cline en plusieurs projets parall\u00e8les\u00a0: chanson pop, lecture\/performance et composition \u00e9lectroacoustique ou radiophonique.<br \/>\nMINIATURES\/Song Recycle (2010) &#8211; 40 minutes<\/p>\n<p>***** Soir\u00e9e en co-diffusion avec Le Vivier (www.levivier.ca) \u2022 Pierre-Yves Mac\u00e9 est l\u2019invit\u00e9 d\u2019Ekumen<\/p>\n<p>Jeudi 13 octobre \u2022 20 h \u2022 Usine C<\/p>\n<\/div>\n<div>RADIO_DIFFUSION: H\u00e9l\u00e8ne Pr\u00e9vost (QC) \u2022 Stephan Mathieu (DE)<\/div>\n<div>H\u00e9l\u00e8ne Pr\u00e9vost a longtemps \u00e9t\u00e9 r\u00e9alisatrice et animatrice d\u2019\u00e9missions consacr\u00e9es aux musiques nouvelles \u00e0 Radio-Canada (1978-2007). La radio et la diffusion occupent toujours une place de choix au c\u0153ur de ses pr\u00e9occupations et, pour sa performance, plusieurs appareils radio sont utilis\u00e9s comme source continue de mat\u00e9riau, flux ind\u00e9termin\u00e9 qui r\u00e9agit \u00e0 l\u2019environnement. L\u2019artiste poursuit son travail d\u2019exploration et d\u00e9veloppe pour ce faire un instrument singulier, qui est un croisement entre le studio radiophonique et le laboratoire \u00e9lectroacoustique.<br \/>\nU\/ONZE &#8211; 35 minutes cr\u00e9ation mondialeDesigner acoustique de premier ordre, Stephan Mathieu est consid\u00e9r\u00e9 comme l\u2019un des plus importants \u00ab\u00a0musiciens de laptop\u00a0\u00bb du moment. Il fait partie de ces artistes du son qui ont \u00e9galement une formation en arts visuels et dont l\u2019inspiration peut aussi s\u2019incarner sous forme d\u2019installations sonores. Cela dit, au-del\u00e0 des a priori conceptuels, la musique de Stephan Mathieu comporte indubitablement une grande sensualit\u00e9.<br \/>\nMusic for Columbia Phonoharp (2011) &#8211; 50 minutes cr\u00e9ation nord-am\u00e9ricaine<\/p>\n<p>Vendredi 14 octobre \u2022 20 h \u2022 Usine C<\/p>\n<\/div>\n<div>SENS_ACTION: France Jobin (QC) \u2022 Robert Hampson (GB)<\/div>\n<div>France Jobin (aussi connue sous l\u2019alias i8u) explore les franges atmosph\u00e9riques d\u2019un vaste territoire acoustique dans lequel d\u00e9filent des images qui t\u00e9moignent de sa sensibilit\u00e9 aux arts visuels\u00a0; certains observateurs d\u00e9crivent ses \u0153uvres comme de v\u00e9ritables sculptures sonores. Avec Event Horizon, elle propose, dans le cadre d\u2019AKOUSMA, un beau voyage dont le titre \u00e9voque la fronti\u00e8re entre la mati\u00e8re et le vide.<br \/>\nEvent Horizon (2009) &#8211; 35 minutes cr\u00e9ation mondiale<\/div>\n<div>La diffusion d&#8217;Event Horizon est rendu possible avec l&#8217;appui aux activit\u00e9s de diffusionle d&#8217;Oboro.<\/div>\n<div>\n<p>Robert Hampson provient du monde de la pop psych\u00e9d\u00e9lique et du shoegazing. Toujours actif avec son projet collaboratif Main, il se consacre \u00e9galement depuis les ann\u00e9es 2000 \u00e0 un travail davantage ax\u00e9 vers l\u2019exploration sonore et la diffusion acousmatique. Sa musique d\u00e9montre une qualit\u00e9 d\u2019\u00e9coute qui se traduit par une grande finesse d\u2019\u00e9criture dans laquelle prend forme une trame narrative myst\u00e9rieuse et inou\u00efe.<br \/>\nAhead \u2013 Only The Stars (2007)<br \/>\nCommande du VIBRO (13 mins) &#8211; Published by Touch Music cr\u00e9ation nord-am\u00e9ricaine<br \/>\nDans Le Lointain (2008)<br \/>\nCommande du GRM (20 mins) &#8211; Published By Touch Music cr\u00e9ation nord-am\u00e9ricaine<br \/>\nRepercussions (2011)<br \/>\nCommande du GRM (20 mins) &#8211; Published by At The Surface cr\u00e9ation nord-am\u00e9ricaine<\/p>\n<p>Samedi 15 octobre \u2022 20 h \u2022 Usine C<\/p>\n<\/div>\n<div>ORGANI_SON: Marc Behrens (DE) \u2022 Horacio Vaggione (FR\/AR)<\/div>\n<div>Marc Behrens est un artiste sonore en perp\u00e9tuel renouvellement. Son exp\u00e9rience musicale \u00e9clectique (musiques industrielle, concr\u00e8te, minimal glitch, paysage sonore, etc.) et ses nombreuses collaborations t\u00e9moignent de la diversit\u00e9 esth\u00e9tique de ses \u0153uvres, dont le point commun est une \u00e9vidente sensibilit\u00e9.<br \/>\nQueendom (2009) : 8:07<br \/>\nvoice: Y\u00f4ko Higashi cr\u00e9ation nord-am\u00e9ricaine<br \/>\nSleppet (2\u20133): Avalanches, Water and Stones (2008) : 9:35 cr\u00e9ation nord-am\u00e9ricaine Sleppet (4) Glacier (2008) : 10:00<br \/>\nIrregular Characters (2010) : 19:41<br \/>\nusing material by: Yasunao Tone cr\u00e9ation nord-am\u00e9ricaineHoracio Vaggione fait partie des pionniers de l\u2019\u00e9lectroacoustique, mais son \u0153uvre ne porte pas le poids du pass\u00e9, bien au contraire\u00a0; nous sommes ici devant une musique d\u2019une grande vivacit\u00e9. Son int\u00e9r\u00eat envers le caract\u00e8re \u00e9nerg\u00e9tique du son est au premier plan de son travail. La virtuosit\u00e9 du compositeur nous permet d\u2019entrer dans ce monde invisible o\u00f9 mati\u00e8re, dur\u00e9e et \u00e9nergie sont en pleine convolution. Ses \u0153uvres se pr\u00e9sentent sous forme de grandes fresques abstraites qui diffusent leur beaut\u00e9 au travers de la coh\u00e9rence du discours et de la forme musicale.<br \/>\nArenas (2007) : 15\u2019 cr\u00e9ation nord-am\u00e9ricaine<br \/>\nAsh (1990) : 15\u2019<br \/>\nPoints critiques (2011) : 16\u2019 cr\u00e9ation canadienne<\/p>\n<\/div>\n","protected":false},"excerpt":{"rendered":"<p>AKOUSMA_8 Du 12 au 15 octobre 2011 1345, avenue Lalonde Montr\u00e9al (QC) H2L 5A9 Billetterie 514. 521.4493 www.usine-c.com Le 12 octobre : Pierre-Yves Mac\u00e9 (FR), Roger Tellier Craig (QC) Le 13 octobre : H\u00e9l\u00e8ne Pr\u00e9vost (QC), Stephan Mathieu (DE) Le 14 octobre : France Jobin (QC), Robert Hampson (GB) Le 15 octobre : Marc Behrens &hellip; <\/p>\n<p class=\"link-more\"><a href=\"https:\/\/www.francejobin.com\/?p=3648\" class=\"more-link\">Continue reading<span class=\"screen-reader-text\"> &#8220;Akousma&#8221;<\/span><\/a><\/p>\n","protected":false},"author":3,"featured_media":0,"comment_status":"closed","ping_status":"open","sticky":false,"template":"","format":"standard","meta":{"_jetpack_memberships_contains_paid_content":false,"footnotes":""},"categories":[102],"tags":[641,636,520,639,642,640,197],"class_list":["post-3648","post","type-post","status-publish","format-standard","hentry","category-performances","tag-helene-prevost-qc","tag-horacio-vaggione","tag-marc-behrens","tag-pierre-yves-mac","tag-robert-hampson","tag-roger-tellier-craig","tag-stephan-mathieu"],"jetpack_featured_media_url":"","jetpack_sharing_enabled":true,"_links":{"self":[{"href":"https:\/\/www.francejobin.com\/index.php?rest_route=\/wp\/v2\/posts\/3648","targetHints":{"allow":["GET"]}}],"collection":[{"href":"https:\/\/www.francejobin.com\/index.php?rest_route=\/wp\/v2\/posts"}],"about":[{"href":"https:\/\/www.francejobin.com\/index.php?rest_route=\/wp\/v2\/types\/post"}],"author":[{"embeddable":true,"href":"https:\/\/www.francejobin.com\/index.php?rest_route=\/wp\/v2\/users\/3"}],"replies":[{"embeddable":true,"href":"https:\/\/www.francejobin.com\/index.php?rest_route=%2Fwp%2Fv2%2Fcomments&post=3648"}],"version-history":[{"count":9,"href":"https:\/\/www.francejobin.com\/index.php?rest_route=\/wp\/v2\/posts\/3648\/revisions"}],"predecessor-version":[{"id":3683,"href":"https:\/\/www.francejobin.com\/index.php?rest_route=\/wp\/v2\/posts\/3648\/revisions\/3683"}],"wp:attachment":[{"href":"https:\/\/www.francejobin.com\/index.php?rest_route=%2Fwp%2Fv2%2Fmedia&parent=3648"}],"wp:term":[{"taxonomy":"category","embeddable":true,"href":"https:\/\/www.francejobin.com\/index.php?rest_route=%2Fwp%2Fv2%2Fcategories&post=3648"},{"taxonomy":"post_tag","embeddable":true,"href":"https:\/\/www.francejobin.com\/index.php?rest_route=%2Fwp%2Fv2%2Ftags&post=3648"}],"curies":[{"name":"wp","href":"https:\/\/api.w.org\/{rel}","templated":true}]}}