{"id":291,"date":"2009-01-18T15:33:00","date_gmt":"2009-01-18T15:33:00","guid":{"rendered":"http:\/\/w174.i8u.com\/?p=291"},"modified":"2010-04-05T02:17:46","modified_gmt":"2010-04-05T02:17:46","slug":"amann-studios","status":"publish","type":"post","link":"https:\/\/www.francejobin.com\/?p=291","title":{"rendered":"Vienna 01.18.2009 &#8211; Amann Studios"},"content":{"rendered":"<p><a href=\"https:\/\/i0.wp.com\/w174.i8u.com\/wp-content\/uploads\/2009\/01\/logo_schriftzug_top2c.gif\"><img data-recalc-dims=\"1\" loading=\"lazy\" decoding=\"async\" class=\"alignnone size-full wp-image-2215\" title=\"logo_schriftzug_top2c\" src=\"https:\/\/i0.wp.com\/w174.i8u.com\/wp-content\/uploads\/2009\/01\/logo_schriftzug_top2c.gif?resize=341%2C45\" alt=\"\" width=\"341\" height=\"45\" srcset=\"https:\/\/i0.wp.com\/www.francejobin.com\/wp-content\/uploads\/2009\/01\/logo_schriftzug_top2c.gif?w=341&amp;ssl=1 341w, https:\/\/i0.wp.com\/www.francejobin.com\/wp-content\/uploads\/2009\/01\/logo_schriftzug_top2c.gif?resize=300%2C39&amp;ssl=1 300w\" sizes=\"auto, (max-width: 341px) 100vw, 341px\" \/><\/a><\/p>\n<p><a href=\"https:\/\/i0.wp.com\/w174.i8u.com\/wp-content\/uploads\/2009\/01\/183-im-Bildname-6671.jpg\"><img data-recalc-dims=\"1\" loading=\"lazy\" decoding=\"async\" class=\"alignnone size-full wp-image-2216\" title=\"183-im-Bildname-6671\" src=\"https:\/\/i0.wp.com\/w174.i8u.com\/wp-content\/uploads\/2009\/01\/183-im-Bildname-6671.jpg?resize=150%2C321\" alt=\"\" width=\"150\" height=\"321\" srcset=\"https:\/\/i0.wp.com\/www.francejobin.com\/wp-content\/uploads\/2009\/01\/183-im-Bildname-6671.jpg?w=150&amp;ssl=1 150w, https:\/\/i0.wp.com\/www.francejobin.com\/wp-content\/uploads\/2009\/01\/183-im-Bildname-6671.jpg?resize=140%2C300&amp;ssl=1 140w\" sizes=\"auto, (max-width: 150px) 100vw, 150px\" \/><\/a><\/p>\n<p>January 18.09<\/p>\n<p>Live recording #100 at <a href=\"http:\/\/www.amannstudios.com\/html\/pageset.htm\">Amann       Studios<\/a> in Vienna.<\/p>\n<p>This performance will include new material based on   &#8220;und transit&#8221;,<br \/>\na sound installation which was presented in Krems this past month<br \/>\nat Kreuzgang       \/ Minoritenkloster<\/p>\n<p>Sunday, Jan.18.09 &#8211; 21:00<\/p>\n<p>Amann Studio<br \/>\nNeustiftgasse 68\/23b<br \/>\nA-1070Wien<\/p>\n<p>see below for info on installation<\/p>\n<p>und       transit (english below)<\/p>\n<p>Eine       Klanginstallation von i8u (France Jobin)<\/p>\n<p>15.12.2008       &#8211; 16.01.2009 t\u00e4gl ab 11 Uhr<\/p>\n<p>Kreuzgang       \/ Minoritenkloster<\/p>\n<p>Wir       alle besitzen die Angewohnheit, den Raum der unseren Weg zu unserem Ziel       umgibt zu ignorieren. Wie viele Durchg\u00e4nge scheinen sie zu einem Ende zu       f\u00fchren, in Wirklichkeit aber sind sie das Ende selber. Als ich das erste       Mal den Kreuzgang betreten habe war ich von der Einsamkeit und der       Praktikabilit\u00e4t ber\u00fchrt. Ich habe begonnen, die verschiedensten Kl\u00e4nge       in Krems UND Stein aufzunehmen, um daraus Klanglandschaften f\u00fcr die Leere       dieses Raumes zu schaffen. So enstand diese Installation \u201eund transit\u201c<\/p>\n<p><a href=\"http:\/\/www.klangraum.at\/\">klangraum <\/a><\/p>\n<p>und       transit<\/p>\n<p>A       sound installation by i8u (France Jobin)<\/p>\n<p>15.12.2008       &#8211; 16.01.2009\u00a0 from 11am to 5pm<\/p>\n<p>Kreuzgang       \/ Minoritenkloster<\/p>\n<p>We       all have a capacity to ignore the space we must use to get to our       destination. Like most passage ways, they are a means to an end, and       rarely are treated as an end in itself. Upon being introduced to       minoritenplatz, I was immediately struck by the loneliness and       practicality of this passage way. Since then, I have collected a number of       field recordings from in and around Krems, in order to create a series of       soundscapes based on the sound of emptiness in this space.<\/p>\n<p>I       acknowledge the support of the Canada\u00a0 Council for the Arts<\/p>\n","protected":false},"excerpt":{"rendered":"<p>This performance will include new material based on &#8220;und transit&#8221;, a sound installation which was presented in Krems this past month at Kreuzgang \/ Minoritenkloster<\/p>\n","protected":false},"author":2,"featured_media":0,"comment_status":"open","ping_status":"open","sticky":false,"template":"","format":"standard","meta":{"_jetpack_memberships_contains_paid_content":false,"footnotes":""},"categories":[5,102],"tags":[187,188,375,69],"class_list":["post-291","post","type-post","status-publish","format-standard","hentry","category-events","category-performances","tag-amman-studios","tag-christoph-amman","tag-performance","tag-vienna"],"jetpack_featured_media_url":"","jetpack_sharing_enabled":true,"_links":{"self":[{"href":"https:\/\/www.francejobin.com\/index.php?rest_route=\/wp\/v2\/posts\/291","targetHints":{"allow":["GET"]}}],"collection":[{"href":"https:\/\/www.francejobin.com\/index.php?rest_route=\/wp\/v2\/posts"}],"about":[{"href":"https:\/\/www.francejobin.com\/index.php?rest_route=\/wp\/v2\/types\/post"}],"author":[{"embeddable":true,"href":"https:\/\/www.francejobin.com\/index.php?rest_route=\/wp\/v2\/users\/2"}],"replies":[{"embeddable":true,"href":"https:\/\/www.francejobin.com\/index.php?rest_route=%2Fwp%2Fv2%2Fcomments&post=291"}],"version-history":[{"count":12,"href":"https:\/\/www.francejobin.com\/index.php?rest_route=\/wp\/v2\/posts\/291\/revisions"}],"predecessor-version":[{"id":2869,"href":"https:\/\/www.francejobin.com\/index.php?rest_route=\/wp\/v2\/posts\/291\/revisions\/2869"}],"wp:attachment":[{"href":"https:\/\/www.francejobin.com\/index.php?rest_route=%2Fwp%2Fv2%2Fmedia&parent=291"}],"wp:term":[{"taxonomy":"category","embeddable":true,"href":"https:\/\/www.francejobin.com\/index.php?rest_route=%2Fwp%2Fv2%2Fcategories&post=291"},{"taxonomy":"post_tag","embeddable":true,"href":"https:\/\/www.francejobin.com\/index.php?rest_route=%2Fwp%2Fv2%2Ftags&post=291"}],"curies":[{"name":"wp","href":"https:\/\/api.w.org\/{rel}","templated":true}]}}