{"id":2660,"date":"2009-09-12T04:56:36","date_gmt":"2009-09-12T04:56:36","guid":{"rendered":"http:\/\/w174.i8u.com\/?p=2660"},"modified":"2010-04-04T04:59:02","modified_gmt":"2010-04-04T04:59:02","slug":"la-chambre-blanche-4","status":"publish","type":"post","link":"https:\/\/www.francejobin.com\/?p=2660","title":{"rendered":"La Chambre Blanche"},"content":{"rendered":"<p><a href=\"https:\/\/i0.wp.com\/w174.i8u.com\/wp-content\/uploads\/2010\/04\/wpe441612b.jpg\"><img data-recalc-dims=\"1\" loading=\"lazy\" decoding=\"async\" class=\"alignnone size-full wp-image-2661\" title=\"wpe441612b\" src=\"https:\/\/i0.wp.com\/w174.i8u.com\/wp-content\/uploads\/2010\/04\/wpe441612b.jpg?resize=265%2C265\" alt=\"\" width=\"265\" height=\"265\" srcset=\"https:\/\/i0.wp.com\/www.francejobin.com\/wp-content\/uploads\/2010\/04\/wpe441612b.jpg?w=265&amp;ssl=1 265w, https:\/\/i0.wp.com\/www.francejobin.com\/wp-content\/uploads\/2010\/04\/wpe441612b.jpg?resize=150%2C150&amp;ssl=1 150w\" sizes=\"auto, (max-width: 265px) 100vw, 265px\" \/><\/a><\/p>\n<p><span style=\"font-family: Arial; font-size: small;\"><br \/>\n<strong>Web\u00a0Art Residency<\/strong><br \/>\nFrom August 5th to September 14th, 2003 at<br \/>\nla Chambre Blanche in            Quebec city<\/p>\n<p>Meeting with the artist, Friday, September 12th, at 5:00 pm<\/span><\/p>\n<p><span style=\"font-family: Arial; font-size: small;\"><br \/>\n<strong>R\u00e9sidence de production Web<\/strong><br \/>\nDu 5 ao\u00fbt au 14 septembre 2003 \u00e0 la Chambre Blanche \u00e0 Quebec<\/p>\n<p>Rencontre avec l\u2019artiste le vendredi 12 septembre \u00e0 17h<\/span><\/p>\n<p><span style=\"font-family: Arial; font-size: small;\"><strong>LA CHAMBRE  BLANCHE<br \/>\n<\/strong>185, rue Christophe-Colomb Est<br \/>\nQu\u00e9bec (Qu\u00e9bec) G1K 3S6<br \/>\nT: (418) 529.2715<br \/>\nF: (418) 529.0048<strong><br \/>\n<\/strong><a href=\"mailto:info@chambreblanche.qc.ca\"><strong> info@chambreblanche.qc.ca<\/strong><\/a><strong><br \/>\n<\/strong><a href=\"http:\/\/www.chambreblanche.qc.ca\/\"><strong> www.chambreblanche.qc.ca<\/strong><\/a><\/span><\/p>\n","protected":false},"excerpt":{"rendered":"<p>Web\u00a0Art Residency From August 5th to September 14th, 2003 at la Chambre Blanche in Quebec city Meeting with the artist, Friday, September 12th, at 5:00 pm R\u00e9sidence de production Web Du 5 ao\u00fbt au 14 septembre 2003 \u00e0 la Chambre Blanche \u00e0 Quebec Rencontre avec l\u2019artiste le vendredi 12 septembre \u00e0 17h LA CHAMBRE BLANCHE &hellip; <\/p>\n<p class=\"link-more\"><a href=\"https:\/\/www.francejobin.com\/?p=2660\" class=\"more-link\">Continue reading<span class=\"screen-reader-text\"> &#8220;La Chambre Blanche&#8221;<\/span><\/a><\/p>\n","protected":false},"author":3,"featured_media":0,"comment_status":"closed","ping_status":"open","sticky":false,"template":"","format":"standard","meta":{"_jetpack_memberships_contains_paid_content":false,"footnotes":""},"categories":[144],"tags":[44,434],"class_list":["post-2660","post","type-post","status-publish","format-standard","hentry","category-residencies","tag-la-chambre-blanche","tag-median"],"jetpack_featured_media_url":"","jetpack_sharing_enabled":true,"_links":{"self":[{"href":"https:\/\/www.francejobin.com\/index.php?rest_route=\/wp\/v2\/posts\/2660","targetHints":{"allow":["GET"]}}],"collection":[{"href":"https:\/\/www.francejobin.com\/index.php?rest_route=\/wp\/v2\/posts"}],"about":[{"href":"https:\/\/www.francejobin.com\/index.php?rest_route=\/wp\/v2\/types\/post"}],"author":[{"embeddable":true,"href":"https:\/\/www.francejobin.com\/index.php?rest_route=\/wp\/v2\/users\/3"}],"replies":[{"embeddable":true,"href":"https:\/\/www.francejobin.com\/index.php?rest_route=%2Fwp%2Fv2%2Fcomments&post=2660"}],"version-history":[{"count":1,"href":"https:\/\/www.francejobin.com\/index.php?rest_route=\/wp\/v2\/posts\/2660\/revisions"}],"predecessor-version":[{"id":2662,"href":"https:\/\/www.francejobin.com\/index.php?rest_route=\/wp\/v2\/posts\/2660\/revisions\/2662"}],"wp:attachment":[{"href":"https:\/\/www.francejobin.com\/index.php?rest_route=%2Fwp%2Fv2%2Fmedia&parent=2660"}],"wp:term":[{"taxonomy":"category","embeddable":true,"href":"https:\/\/www.francejobin.com\/index.php?rest_route=%2Fwp%2Fv2%2Fcategories&post=2660"},{"taxonomy":"post_tag","embeddable":true,"href":"https:\/\/www.francejobin.com\/index.php?rest_route=%2Fwp%2Fv2%2Ftags&post=2660"}],"curies":[{"name":"wp","href":"https:\/\/api.w.org\/{rel}","templated":true}]}}